[{"@context":"https:\/\/schema.org\/","@type":"Article","@id":"https:\/\/www.dukar.sk\/dalsi-skandal-pre-facebook-sukromne-prispevky-sa-ukazali-ako-verejne\/#Article","mainEntityOfPage":"https:\/\/www.dukar.sk\/dalsi-skandal-pre-facebook-sukromne-prispevky-sa-ukazali-ako-verejne\/","headline":"\u010eal\u0161\u00ed \u0161kand\u00e1l pre Facebook! S\u00fakromne pr\u00edspevky sa uk\u00e1zali ako verejn\u00e9","name":"\u010eal\u0161\u00ed \u0161kand\u00e1l pre Facebook! S\u00fakromne pr\u00edspevky sa uk\u00e1zali ako verejn\u00e9","description":"T\u00e1to chyba automaticky robila to, \u017ee pou\u017e\u00edvatelia robili nov\u00e9 pr\u00edspevky verejn\u00e9, a to aj v pr\u00edpade, \u017ee predt\u00fdm obmedzili pr\u00edspevky len na &#8222;priate\u013eov&#8220; alebo in\u00e9 s\u00fakromn\u00e9 \u200b\u200bnastavenia. Ak si u\u017e\u00edvatelia nev\u0161imli nov\u00fd predvolen\u00fd n\u00e1vrh, nevedomky poslali svoj pr\u00edspevok \u0161ir\u0161iemu publiku, ne\u017e zam\u00fd\u0161\u013eali. Erin Egan, hlavn\u00fd d\u00f4stojn\u00edk ochrany s\u00fakromia spolo\u010dnosti Facebook, povedal, \u017ee t\u00e1to chyba neovplyvnila&hellip; ","datePublished":"2025-02-24","dateModified":"2023-04-26","author":{"@type":"Person","@id":"https:\/\/www.dukar.sk\/author\/#Person","name":"","url":"https:\/\/www.dukar.sk\/author\/","identifier":1,"image":{"@type":"ImageObject","@id":"https:\/\/secure.gravatar.com\/avatar\/ade5060b95d9432296fc92debd2ba3136f7a4d727a7bc57afe18c4808c7d7ac9?s=96&d=mm&r=g","url":"https:\/\/secure.gravatar.com\/avatar\/ade5060b95d9432296fc92debd2ba3136f7a4d727a7bc57afe18c4808c7d7ac9?s=96&d=mm&r=g","height":96,"width":96}},"publisher":{"@type":"Organization","name":"dukar.sk","logo":{"@type":"ImageObject","@id":"\/logo.png","url":"\/logo.png","width":600,"height":60}},"image":{"@type":"ImageObject","@id":"https:\/\/www.dukar.sk\/wp-content\/uploads\/img_a289585_w16552_t1531755114.png","url":"https:\/\/www.dukar.sk\/wp-content\/uploads\/img_a289585_w16552_t1531755114.png","height":0,"width":0},"url":"https:\/\/www.dukar.sk\/dalsi-skandal-pre-facebook-sukromne-prispevky-sa-ukazali-ako-verejne\/","wordCount":339,"articleBody":"T\u00e1to chyba automaticky robila to, \u017ee pou\u017e\u00edvatelia robili nov\u00e9 pr\u00edspevky verejn\u00e9, a to aj v pr\u00edpade, \u017ee predt\u00fdm obmedzili pr\u00edspevky len na &#8222;priate\u013eov&#8220; alebo in\u00e9 s\u00fakromn\u00e9 \u200b\u200bnastavenia.Ak si u\u017e\u00edvatelia nev\u0161imli nov\u00fd predvolen\u00fd n\u00e1vrh, nevedomky poslali svoj pr\u00edspevok \u0161ir\u0161iemu publiku, ne\u017e zam\u00fd\u0161\u013eali.Erin Egan, hlavn\u00fd d\u00f4stojn\u00edk ochrany s\u00fakromia spolo\u010dnosti Facebook, povedal, \u017ee t\u00e1to chyba neovplyvnila minul\u00e9 pr\u00edspevky. Spolo\u010dnos\u0165 Facebook upozor\u0148uje pou\u017e\u00edvate\u013eov, ktor\u00ed boli postihnut\u00ed a verejne zverejnen\u00ed v \u010dase, ke\u010f bola chyba akt\u00edvna, a odporu\u010dila im, aby si overili svoje pr\u00edspevky. Spr\u00e1vy sleduj\u00fa ned\u00e1vne furore nad zdie\u013ean\u00edm pou\u017e\u00edvate\u013esk\u00fdch \u00fadajov Facebooku so zariadeniami, vr\u00e1tane \u010d\u00ednskej spolo\u010dnosti Huawei.Spolo\u010dnos\u0165 sa taktie\u017e zotavuje zo \u0161kand\u00e1lu Cambridge Analytica, v ktorom z\u00edskala pr\u00edstup k osobn\u00fdm \u00fadajom a\u017e 87 mili\u00f3nov u\u017e\u00edvate\u013eov Facebooku.Jonathan Mayer, profesor informatiky a verejn\u00fdch z\u00e1le\u017eitost\u00ed na Princetonskej univerzite, povedal na Twitteru, \u017ee t\u00e1to najnov\u0161ia s\u00fakromn\u00e1 gaffe &#8222;vyzer\u00e1 ako \u017eivotaschopn\u00e1 feder\u00e1lna obchodn\u00e1 komisia \/ \u0161t\u00e1tny prokur\u00e1tor.&#8220; To preto, \u017ee spolo\u010dnos\u0165 s\u013e\u00fabila, nastaven\u00e9 v najnov\u0161\u00edch preferenci\u00e1ch ochrany osobn\u00fdch \u00fadajov bud\u00fa zachovan\u00e9 pre bud\u00face pr\u00edspevky. V tomto pr\u00edpade sa to nestalo nieko\u013eko dn\u00ed.Spolo\u010dnos\u0165 Facebook, ktor\u00e1 m\u00e1 2,2 miliardy pou\u017e\u00edvate\u013eov, tvrd\u00ed, \u017ee chyba bola akt\u00edvna od 18. m\u00e1ja do 27. m\u00e1ja. Zatia\u013e \u010do spolo\u010dnos\u0165 tvrdila, \u017ee sa chyba zastavila 22. m\u00e1ja, nedok\u00e1zala zmeni\u0165 v\u0161etky pr\u00edspevky sp\u00e4\u0165 na p\u00f4vodn\u00e9 obvody ochrany osobn\u00fdch \u00fadajov a\u017e nesk\u00f4r. Chyba sa stala, uviedla t\u00e1to spolo\u010dnos\u0165, ke\u010f stavia nov\u00fd sp\u00f4sob, ako si \u013eudia m\u00f4\u017eu na svoje profily zdie\u013ea\u0165 &#8222;vyzdvihnut\u00e9 predmety&#8220;. Tieto polo\u017eky, ktor\u00e9 obsahuj\u00fa pr\u00edspevky a albumy fotografi\u00ed, s\u00fa automaticky verejn\u00e9.V procese vytv\u00e1rania tejto funkcie Facebook povedal, \u017ee n\u00e1hodou zverejnila navrhovan\u00e9 publikum pre v\u0161etky nov\u00e9 pr\u00edspevky.                                                                                                                                                                                                                                                                                                                                                                                        3.9\/5 - (13 votes)        "},{"@context":"https:\/\/schema.org\/","@type":"BreadcrumbList","itemListElement":[{"@type":"ListItem","position":1,"name":"\u010eal\u0161\u00ed \u0161kand\u00e1l pre Facebook! S\u00fakromne pr\u00edspevky sa uk\u00e1zali ako verejn\u00e9","item":"https:\/\/www.dukar.sk\/dalsi-skandal-pre-facebook-sukromne-prispevky-sa-ukazali-ako-verejne\/#breadcrumbitem"}]}]