[{"@context":"https:\/\/schema.org\/","@type":"Article","@id":"https:\/\/www.dukar.sk\/fotka-je-pre-starkovcov-to-prave\/#Article","mainEntityOfPage":"https:\/\/www.dukar.sk\/fotka-je-pre-starkovcov-to-prave\/","headline":"Fotka je pre starkovcov to prav\u00e9","name":"Fotka je pre starkovcov to prav\u00e9","description":"Neviete, \u010d\u00edm by ste pote\u0161ili svojich star\u00fdch rodi\u010dov? Alebo ste mlad\u00ed rodi\u010dia a va\u0161i by chceli nejak\u00e9 pekn\u00e9 fotky va\u0161ich det\u00ed? Ni\u010d nie je nemo\u017en\u00e9. S fotky za babku sa nenech\u00e1te zahanbi\u0165 a venujete im k\u00fasok zo seba. V\u0161etky potrebn\u00e9 inform\u00e1cie n\u00e1jdete na nasleduj\u00facom linku, kde sa do\u010d\u00edtate o mo\u017enosti fotoobrazu https:\/\/www.fotkyzababku.sk\/fotoobrazy. Ni\u010d viac nepotrebujete,&hellip; ","datePublished":"2021-05-11","dateModified":"2023-04-26","author":{"@type":"Person","@id":"https:\/\/www.dukar.sk\/author\/#Person","name":"","url":"https:\/\/www.dukar.sk\/author\/","identifier":1,"image":{"@type":"ImageObject","@id":"https:\/\/secure.gravatar.com\/avatar\/ade5060b95d9432296fc92debd2ba3136f7a4d727a7bc57afe18c4808c7d7ac9?s=96&d=mm&r=g","url":"https:\/\/secure.gravatar.com\/avatar\/ade5060b95d9432296fc92debd2ba3136f7a4d727a7bc57afe18c4808c7d7ac9?s=96&d=mm&r=g","height":96,"width":96}},"publisher":{"@type":"Organization","name":"dukar.sk","logo":{"@type":"ImageObject","@id":"\/logo.png","url":"\/logo.png","width":600,"height":60}},"image":{"@type":"ImageObject","@id":"https:\/\/www.dukar.sk\/wp-content\/uploads\/family-457235_1920.jpg","url":"https:\/\/www.dukar.sk\/wp-content\/uploads\/family-457235_1920.jpg","height":0,"width":0},"url":"https:\/\/www.dukar.sk\/fotka-je-pre-starkovcov-to-prave\/","about":["Business"],"wordCount":402,"articleBody":"         Neviete, \u010d\u00edm by ste pote\u0161ili svojich star\u00fdch rodi\u010dov? Alebo ste mlad\u00ed rodi\u010dia a va\u0161i by chceli nejak\u00e9 pekn\u00e9 fotky va\u0161ich det\u00ed? Ni\u010d nie je nemo\u017en\u00e9. S fotky za babku sa nenech\u00e1te zahanbi\u0165 a venujete im k\u00fasok zo seba. V\u0161etky potrebn\u00e9 inform\u00e1cie n\u00e1jdete na nasleduj\u00facom linku, kde sa do\u010d\u00edtate o mo\u017enosti fotoobrazu https:\/\/www.fotkyzababku.sk\/fotoobrazy. Ni\u010d viac nepotrebujete, len notebook alebo telef\u00f3n, \u010di tablet a jednu fotku, ktor\u00fa chcete zve\u010dni\u0165. Da\u0165 niekomu len tak\u00fa oby\u010dajn\u00fa fotku, je v dne\u0161nej dobe u\u017e celkom vz\u00e1cnos\u0165. O to v\u00e4\u010d\u0161ia vz\u00e1cnos\u0165 je to vtedy, ke\u010f darujete cel\u00fd jeden fotoobraz. Ja, osobne, nem\u00e1m rada neosobn\u00e9 obrazy, ktor\u00e9 visia nad gau\u010dom v ob\u00fdva\u010dke. M\u00e1m rada symboliku a nie\u010do, \u010do dod\u00e1 tomu priestoru \u0161mrnc. Ke\u010f si zaves\u00edte nad gau\u010d nejak\u00fd g\u00fd\u010dov\u00fd obraz, raz dva sa v\u00e1m prestane p\u00e1\u010di\u0165. Nebude to nie\u010do, \u010do m\u00e1 ozajstn\u00fa hodnotu. No, ke\u010f si tam zaves\u00edte obraz, ktor\u00fd ste vy samy nama\u013eovali, tak to bude to prav\u00e9 orechov\u00e9. Ni\u010d sa tomu len tak \u013eahko nevyrovn\u00e1. Ale ba, vyrovn\u00e1, ba dokonca to e\u0161te prev\u00fd\u0161i. Prev\u00fd\u0161i to, ke\u010f si tam zaves\u00edte fotoobraz. Obraz s fotiek vo v\u00e1s bude vyvol\u00e1va\u0165 rados\u0165. V\u017edy, ke\u010f sa na\u0148 pozriete, tak budete ma\u0165 \u00fasmev na tv\u00e1ri. Budete si pam\u00e4ta\u0165 t\u00fa chv\u00ed\u013eu, ke\u010f sa dan\u00e1 fotka vyfotila. Budete ma\u0165 v hlave t\u00fa n\u00e1ladu, ke\u010f ste to fotili. Ale aj ke\u010f ste neboli priamo pri foten\u00ed danej fotky, tak sta\u010d\u00ed, ke\u010f sa budete s l\u00e1skou na \u0148u d\u00edva\u0165 a budete vidie\u0165 t\u00fa rados\u0165 v o\u010diach foten\u00e9ho. Fotky s\u00fa nie\u010do kr\u00e1sne, \u010do tu po n\u00e1s zost\u00e1va. Najlep\u0161ie s\u00fa v\u0161ak tie, ktor\u00e9 s\u00fa aj vytla\u010den\u00e9, preto\u017ee v po\u010d\u00edta\u010di si ich m\u00e1lokto pozer\u00e1. V albume je to toti\u017e ove\u013ea kraj\u0161ie a lep\u0161ie. A na fotoobraze je to najkraj\u0161ie, \u010do m\u00f4\u017ee by\u0165. Va\u0161i star\u00ed rodi\u010dia alebo star\u00ed rodi\u010dia va\u0161ich det\u00ed bud\u00fa cel\u00ed bez seba, ke\u010f im venujete tak\u00fd kr\u00e1sny dar\u010dek v podobe fotoobrazu. Nedaj\u00fa v\u00e1s za ni\u010d. Vy naopak m\u00f4\u017eete by\u0165 spokojn\u00ed, \u017ee ste vymysleli nie\u010do tak\u00e9 podaren\u00e9 a pekn\u00e9.                                                                                                                                                                                                                                                                                                                                                                                           4.6\/5 - (9 votes)        "},{"@context":"https:\/\/schema.org\/","@type":"BreadcrumbList","itemListElement":[{"@type":"ListItem","position":1,"name":"Fotka je pre starkovcov to prav\u00e9","item":"https:\/\/www.dukar.sk\/fotka-je-pre-starkovcov-to-prave\/#breadcrumbitem"}]}]