[{"@context":"https:\/\/schema.org\/","@type":"Article","@id":"https:\/\/www.dukar.sk\/postel-pre-alergika-musi-byt-ina\/#Article","mainEntityOfPage":"https:\/\/www.dukar.sk\/postel-pre-alergika-musi-byt-ina\/","headline":"Poste\u013e pre alergika mus\u00ed by\u0165 in\u00e1","name":"Poste\u013e pre alergika mus\u00ed by\u0165 in\u00e1","description":"Alergici to v \u017eivote nemaj\u00fa \u013eahk\u00e9. To mi asi potvrd\u00ed ka\u017ed\u00fd, kto t\u00fdmto otravn\u00fdm ochoren\u00edm trp\u00ed. Ja osobne m\u00e1m alergiu, ktor\u00e1 je pod\u013ea m\u0148a jedna z najhor\u0161\u00edch. Hovor\u00edm o alergii na prach. Pre\u010do je pod\u013ea m\u0148a najhor\u0161ia? Preto\u017ee prach je v\u0161ade a st\u00e1le. Tak napr\u00edklad pe\u013e v zime nesp\u00f4sobuje a\u017e tak\u00e9 probl\u00e9my. Ke\u010f m\u00e1te alergiu&hellip; ","datePublished":"2019-09-08","dateModified":"2023-04-26","author":{"@type":"Person","@id":"https:\/\/www.dukar.sk\/author\/#Person","name":"","url":"https:\/\/www.dukar.sk\/author\/","identifier":1,"image":{"@type":"ImageObject","@id":"https:\/\/secure.gravatar.com\/avatar\/ade5060b95d9432296fc92debd2ba3136f7a4d727a7bc57afe18c4808c7d7ac9?s=96&d=mm&r=g","url":"https:\/\/secure.gravatar.com\/avatar\/ade5060b95d9432296fc92debd2ba3136f7a4d727a7bc57afe18c4808c7d7ac9?s=96&d=mm&r=g","height":96,"width":96}},"publisher":{"@type":"Organization","name":"dukar.sk","logo":{"@type":"ImageObject","@id":"\/logo.png","url":"\/logo.png","width":600,"height":60}},"image":{"@type":"ImageObject","@id":"https:\/\/www.dukar.sk\/wp-content\/uploads\/img_a308267_w16617_t1574356742.jpg","url":"https:\/\/www.dukar.sk\/wp-content\/uploads\/img_a308267_w16617_t1574356742.jpg","height":0,"width":0},"url":"https:\/\/www.dukar.sk\/postel-pre-alergika-musi-byt-ina\/","wordCount":423,"articleBody":"           Alergici to v \u017eivote nemaj\u00fa \u013eahk\u00e9. To mi asi potvrd\u00ed ka\u017ed\u00fd, kto t\u00fdmto otravn\u00fdm ochoren\u00edm trp\u00ed. Ja osobne m\u00e1m alergiu, ktor\u00e1 je pod\u013ea m\u0148a jedna z najhor\u0161\u00edch. Hovor\u00edm o alergii na prach. Pre\u010do je pod\u013ea m\u0148a najhor\u0161ia? Preto\u017ee prach je v\u0161ade a st\u00e1le. Tak napr\u00edklad pe\u013e v zime nesp\u00f4sobuje a\u017e tak\u00e9 probl\u00e9my. Ke\u010f m\u00e1te alergiu na psov alebo ma\u010dky, tak si nezaobstar\u00e1te dom\u00e1ce zviera. S prachom v\u0161ak nevybabrete. Mo\u017eno v\u00e1m to e\u0161te nikdy nenapadlo, no jedno z najhor\u0161\u00edch miest, teda z miest, kde sa prach zdr\u017eiava ve\u013emi r\u00e1d, je poste\u013e. Ako ju teda \u201ezariadi\u0165\u201c tak, aby v\u00e1m nesp\u00f4sobovala probl\u00e9my? Za\u010dnem najd\u00f4le\u017eitej\u0161ou \u010das\u0165ou, a to matracom. Matrace https:\/\/www.segum.sk\/matrace musia by\u0165 nov\u00e9 a ide\u00e1lne s antialergick\u00fdm povrchom. Pre\u010do nov\u00e9? Preto\u017ee zo star\u00e9ho matraca prach nedostanete nikdy. Ak ste zdrav\u00ed, tak by ste si mali matrac vymeni\u0165 minim\u00e1lne raz za sedem rokov. Pokia\u013e v\u0161ak m\u00e1te alergiu, tak je na mieste aj \u010dastej\u0161ie menenie. Ja si napr\u00edklad nikdy nekupujem extr\u00e9mne drah\u00fd matrac. Zainvestujem do neho maxim\u00e1lne dve stovky. Vymen\u00edm ho v\u017edy po troch rokoch. To sa mi zd\u00e1 primeran\u00e1 invest\u00edcia, ke\u010f vezmem do \u00favahy, \u017ee na opl\u00e1tku m\u00f4\u017eem norm\u00e1lne d\u00fdcha\u0165. \u010co sa t\u00fdka postele, tak v\u00e1m vrelo odpor\u00fa\u010dam, aby ste si nezaobstarali poste\u013e s \u010dal\u00fanen\u00edm. Je to \u010fal\u0161ia l\u00e1tka navy\u0161e, na ktorej sa zachyt\u00e1va prach. Alergici by mali poprem\u00fd\u0161\u013ea\u0165 nad vy\u0161\u0161ou poste\u013eou, preto\u017ee ke\u010f sp\u00edte vy\u0161\u0161ie nad zemou, tak sa k v\u00e1m nedostane a\u017e to\u013eko prachu. Nezameriavajte sa len na matrac. Ve\u013emi d\u00f4le\u017eit\u00e9 s\u00fa aj va\u0161e papl\u00f3ny, vank\u00fa\u0161e a taktie\u017e oblie\u010dky. V predajniach s t\u00fdmto sortimentom, dnes dostanete aj \u0161peci\u00e1lne antialergick\u00e9 oblie\u010dky i papl\u00f3ny a periny. Verte, \u017ee je to naozaj rozumn\u00e9 rie\u0161enie. Tieto materi\u00e1ly s\u00fa s\u00edce prednostne ur\u010den\u00e9 na to, aby v\u00e1s ochr\u00e1nili pred rozto\u010dmi a popr\u00edpade i ples\u0148ami a in\u00fdmi bakt\u00e9riami, no pod\u013ea m\u0148a sa na nich omnoho menej zadr\u017eiava i prach. Maj\u00fa toti\u017e povrch, ktor\u00fd je akoby leskl\u00fd. Preto sa mi \u013eah\u0161ie pr\u00e1\u0161ia a aj per\u00fa.                                                                                                                                                                                                                                                                                                                                                                                          4.4\/5 - (9 votes)        "},{"@context":"https:\/\/schema.org\/","@type":"BreadcrumbList","itemListElement":[{"@type":"ListItem","position":1,"name":"Poste\u013e pre alergika mus\u00ed by\u0165 in\u00e1","item":"https:\/\/www.dukar.sk\/postel-pre-alergika-musi-byt-ina\/#breadcrumbitem"}]}]